{"id":18985,"date":"2025-09-30T10:36:36","date_gmt":"2025-09-30T10:36:36","guid":{"rendered":"https:\/\/www.palacioficalho.pt\/sem-categoria\/eca-de-queiros-1845-1900\/"},"modified":"2025-10-08T12:21:56","modified_gmt":"2025-10-08T12:21:56","slug":"eca-de-queiros-1845-1900","status":"publish","type":"post","link":"https:\/\/www.palacioficalho.pt\/en\/faces\/eca-de-queiros-1845-1900\/","title":{"rendered":"E\u00e7a de Queir\u00f3s (1845-1900)"},"content":{"rendered":"\t\t<div data-elementor-type=\"wp-post\" data-elementor-id=\"18985\" class=\"elementor elementor-18985 elementor-11589\">\n\t\t\t\t\t\t<section class=\"elementor-section elementor-top-section elementor-element elementor-element-595c77b elementor-section-boxed elementor-section-height-default elementor-section-height-default qodef-elementor-content-no\" data-id=\"595c77b\" data-element_type=\"section\" data-e-type=\"section\">\n\t\t\t\t\t\t<div class=\"elementor-container elementor-column-gap-no\">\n\t\t\t\t\t<div class=\"elementor-column elementor-col-100 elementor-top-column elementor-element elementor-element-2e907f8\" data-id=\"2e907f8\" data-element_type=\"column\" data-e-type=\"column\">\n\t\t\t<div class=\"elementor-widget-wrap elementor-element-populated\">\n\t\t\t\t\t\t<section class=\"elementor-section elementor-inner-section elementor-element elementor-element-cc079f3 elementor-section-boxed elementor-section-height-default elementor-section-height-default qodef-elementor-content-no\" data-id=\"cc079f3\" data-element_type=\"section\" data-e-type=\"section\">\n\t\t\t\t\t\t<div class=\"elementor-container elementor-column-gap-wide\">\n\t\t\t\t\t<div class=\"elementor-column elementor-col-50 elementor-inner-column elementor-element elementor-element-d64a05b\" data-id=\"d64a05b\" data-element_type=\"column\" data-e-type=\"column\">\n\t\t\t<div class=\"elementor-widget-wrap elementor-element-populated\">\n\t\t\t\t\t\t<div class=\"elementor-element elementor-element-56d09e1 elementor-widget elementor-widget-heading\" data-id=\"56d09e1\" data-element_type=\"widget\" data-e-type=\"widget\" data-widget_type=\"heading.default\">\n\t\t\t\t\t<h1 class=\"elementor-heading-title elementor-size-default\">E\u00c7A DE QUEIR\u00d3S (1845-1900)<\/h1>\t\t\t\t<\/div>\n\t\t\t\t<div class=\"elementor-element elementor-element-a981abb elementor-widget elementor-widget-text-editor\" data-id=\"a981abb\" data-element_type=\"widget\" data-e-type=\"widget\" data-widget_type=\"text-editor.default\">\n\t\t\t\t\t\t\t\t\t<p>The writer E\u00e7a de Queir\u00f3s was a friend of the <a href=\"https:\/\/palacioficalho.pt\/en\/faces\/conde-de-ficalho\/\">count of Ficalho<\/a>, a member alongside him and other Portuguese writers and historians such as Oliveira Martins and Ramalho Ortig\u00e3o of the group of intellectuals called Vencidos da Vida (in English, \u201cdefeated of life\u201d). In 1898, on a trip to Alentejo, E\u00e7a de Queir\u00f3s visited the Pal\u00e1cio Ficalho, a visit he describes in a letter to his wife Em\u00edlia de Castro as follows:<\/p><p>\u201cIt was very nice. To go to [the farm] Corte Condessa it was in my plan to sleep in Serpa \u2014 and the good Ficalho [<a href=\"https:\/\/palacioficalho.pt\/en\/faces\/conde-de-ficalho\/\">count of Ficalho<\/a>], with a trait that, in such a great egoist, impressed me and has impressed all our friends, abandoned the delights of the centenary, and came with me to Serpa, to do me the honours of his house.&#8221;<\/p><p>(&#8230;) &#8220;Lovely day. Serpa, beautifully picturesque town. Solar Ficalho with great air, weapons room, high terrace dominating the entire region, walls, etc. Everything a little abandoned \u2014 but comfortable, and even with art furniture!\u201d.<\/p><p>The two friends could not have guessed that their families would be united through the <a href=\"https:\/\/palacioficalho.pt\/rostos\/antonio-martim-e-mariazinha-de-mello\/\">marriage <\/a>of Ant\u00f3nio Martim de Mello (grandson of the count of Ficalho) to Maria das Dores E\u00e7a de Queir\u00f3s (granddaughter of E\u00e7a de Queir\u00f3s). This family connection explains the important presence in the house of works by\/about E\u00e7a de Queir\u00f3s and of several photographs remembering him<\/p>\t\t\t\t\t\t\t\t<\/div>\n\t\t\t\t\t<\/div>\n\t\t<\/div>\n\t\t\t\t<div class=\"elementor-column elementor-col-50 elementor-inner-column elementor-element elementor-element-75b44f7\" data-id=\"75b44f7\" data-element_type=\"column\" data-e-type=\"column\">\n\t\t\t<div class=\"elementor-widget-wrap elementor-element-populated\">\n\t\t\t\t\t\t<div class=\"elementor-element elementor-element-70cb09a elementor-widget elementor-widget-image\" data-id=\"70cb09a\" data-element_type=\"widget\" data-e-type=\"widget\" data-widget_type=\"image.default\">\n\t\t\t\t\t\t\t\t\t\t\t\t\t\t\t<img fetchpriority=\"high\" decoding=\"async\" width=\"600\" height=\"800\" src=\"https:\/\/www.palacioficalho.pt\/wp-content\/uploads\/2025\/09\/rostos-eca-de-queiros.jpg\" class=\"attachment-large size-large wp-image-20514\" alt=\"E\u00e7a de Queiros\" srcset=\"https:\/\/www.palacioficalho.pt\/wp-content\/uploads\/2025\/09\/rostos-eca-de-queiros.jpg 600w, https:\/\/www.palacioficalho.pt\/wp-content\/uploads\/2025\/09\/rostos-eca-de-queiros-225x300.jpg 225w\" sizes=\"(max-width: 600px) 100vw, 600px\" \/>\t\t\t\t\t\t\t\t\t\t\t\t\t\t\t<\/div>\n\t\t\t\t\t<\/div>\n\t\t<\/div>\n\t\t\t\t\t<\/div>\n\t\t<\/section>\n\t\t\t\t\t<\/div>\n\t\t<\/div>\n\t\t\t\t\t<\/div>\n\t\t<\/section>\n\t\t\t\t<\/div>\n\t\t","protected":false},"excerpt":{"rendered":"<p>In the house and in the family.<\/p>\n","protected":false},"author":1,"featured_media":0,"comment_status":"closed","ping_status":"closed","sticky":false,"template":"","format":"standard","meta":{"footnotes":""},"categories":[108],"tags":[],"class_list":["post-18985","post","type-post","status-publish","format-standard","hentry","category-faces"],"_links":{"self":[{"href":"https:\/\/www.palacioficalho.pt\/en\/wp-json\/wp\/v2\/posts\/18985","targetHints":{"allow":["GET"]}}],"collection":[{"href":"https:\/\/www.palacioficalho.pt\/en\/wp-json\/wp\/v2\/posts"}],"about":[{"href":"https:\/\/www.palacioficalho.pt\/en\/wp-json\/wp\/v2\/types\/post"}],"author":[{"embeddable":true,"href":"https:\/\/www.palacioficalho.pt\/en\/wp-json\/wp\/v2\/users\/1"}],"replies":[{"embeddable":true,"href":"https:\/\/www.palacioficalho.pt\/en\/wp-json\/wp\/v2\/comments?post=18985"}],"version-history":[{"count":0,"href":"https:\/\/www.palacioficalho.pt\/en\/wp-json\/wp\/v2\/posts\/18985\/revisions"}],"wp:attachment":[{"href":"https:\/\/www.palacioficalho.pt\/en\/wp-json\/wp\/v2\/media?parent=18985"}],"wp:term":[{"taxonomy":"category","embeddable":true,"href":"https:\/\/www.palacioficalho.pt\/en\/wp-json\/wp\/v2\/categories?post=18985"},{"taxonomy":"post_tag","embeddable":true,"href":"https:\/\/www.palacioficalho.pt\/en\/wp-json\/wp\/v2\/tags?post=18985"}],"curies":[{"name":"wp","href":"https:\/\/api.w.org\/{rel}","templated":true}]}}